{"id":72,"date":"2024-07-25T15:27:49","date_gmt":"2024-07-25T13:27:49","guid":{"rendered":"https:\/\/velomix.fr\/?p=72"},"modified":"2024-08-21T18:55:45","modified_gmt":"2024-08-21T16:55:45","slug":"fabrication-dun-chargeur-pour-batterie-de-velo","status":"publish","type":"post","link":"https:\/\/velomix.fr\/index.php\/2024\/07\/25\/fabrication-dun-chargeur-pour-batterie-de-velo\/","title":{"rendered":"Fabrication d\u2019un chargeur universel"},"content":{"rendered":"\n<p>Dans cet atelier, une \u00e9quipe se concentrera sur <strong>la fabrication d&rsquo;un chargeur universel<\/strong> pour v\u00e9hicule \u00e9lectrique l\u00e9ger (v\u00e9lo \u00e0 assistance \u00e9lectrique, trottinette \u00e9lectrique, fauteuil roulant \u00e9lectrique&#8230;).<\/p>\n\n\n\n<p>L&rsquo;objectif est de documenter la fabrication d&rsquo;un convertisseur multi-usage, param\u00e9trable et open-source. <\/p>\n\n\n\n<p>D\u00e9couvrir la communaut\u00e9 OwnTech  <a href=\"https:\/\/www.owntech.org\/\">+ d&rsquo;informations<\/a><\/p>\n\n\n\n<p>Vous serez accompagnez par <a href=\"https:\/\/www.linkedin.com\/in\/matthieu-silard\/\">Matthieu Silard<\/a>, doctorant en communication des smartgrids au laboratoire l&rsquo;IRISA.<\/p>\n\n\n\n<p class=\"has-pale-pink-color has-text-color has-link-color has-medium-font-size wp-elements-ce13bbce83b01a1cb2dd2d9ab6fa6be2\">Atelier ouvert aux participant.e.s avec un bon niveau technique \/\/ max 5 participante.s<\/p>\n\n\n\n<div class=\"wp-block-buttons is-layout-flex wp-block-buttons-is-layout-flex\">\n<div class=\"wp-block-button has-custom-font-size is-style-outline has-medium-font-size is-style-outline--1\"><a class=\"wp-block-button__link has-pale-pink-background-color has-background wp-element-button\" href=\"https:\/\/velomix.fr\/index.php\/inscription\/\">Inscription<\/a><\/div>\n<\/div>\n\n\n<div class=\"wp-block-image\">\n<figure class=\"aligncenter size-full is-resized\"><img loading=\"lazy\" decoding=\"async\" width=\"308\" height=\"308\" src=\"https:\/\/velomix.fr\/wp-content\/uploads\/2024\/07\/atelier-chargeur.png\" alt=\"\" class=\"wp-image-208\" style=\"width:154px;height:auto\" srcset=\"https:\/\/velomix.fr\/wp-content\/uploads\/2024\/07\/atelier-chargeur.png 308w, https:\/\/velomix.fr\/wp-content\/uploads\/2024\/07\/atelier-chargeur-300x300.png 300w, https:\/\/velomix.fr\/wp-content\/uploads\/2024\/07\/atelier-chargeur-150x150.png 150w\" sizes=\"auto, (max-width: 308px) 100vw, 308px\" \/><\/figure>\n<\/div>","protected":false},"excerpt":{"rendered":"<p>Dans cet atelier, une \u00e9quipe se concentrera sur la fabrication d&rsquo;un chargeur universel pour v\u00e9hicule \u00e9lectrique l\u00e9ger (v\u00e9lo \u00e0 assistance \u00e9lectrique, trottinette \u00e9lectrique, fauteuil roulant \u00e9lectrique&#8230;). L&rsquo;objectif est de documenter&hellip;<\/p>\n","protected":false},"author":2,"featured_media":213,"comment_status":"closed","ping_status":"open","sticky":false,"template":"","format":"standard","meta":{"footnotes":""},"categories":[2],"tags":[],"class_list":["post-72","post","type-post","status-publish","format-standard","has-post-thumbnail","hentry","category-atelier"],"_links":{"self":[{"href":"https:\/\/velomix.fr\/index.php\/wp-json\/wp\/v2\/posts\/72","targetHints":{"allow":["GET"]}}],"collection":[{"href":"https:\/\/velomix.fr\/index.php\/wp-json\/wp\/v2\/posts"}],"about":[{"href":"https:\/\/velomix.fr\/index.php\/wp-json\/wp\/v2\/types\/post"}],"author":[{"embeddable":true,"href":"https:\/\/velomix.fr\/index.php\/wp-json\/wp\/v2\/users\/2"}],"replies":[{"embeddable":true,"href":"https:\/\/velomix.fr\/index.php\/wp-json\/wp\/v2\/comments?post=72"}],"version-history":[{"count":9,"href":"https:\/\/velomix.fr\/index.php\/wp-json\/wp\/v2\/posts\/72\/revisions"}],"predecessor-version":[{"id":252,"href":"https:\/\/velomix.fr\/index.php\/wp-json\/wp\/v2\/posts\/72\/revisions\/252"}],"wp:featuredmedia":[{"embeddable":true,"href":"https:\/\/velomix.fr\/index.php\/wp-json\/wp\/v2\/media\/213"}],"wp:attachment":[{"href":"https:\/\/velomix.fr\/index.php\/wp-json\/wp\/v2\/media?parent=72"}],"wp:term":[{"taxonomy":"category","embeddable":true,"href":"https:\/\/velomix.fr\/index.php\/wp-json\/wp\/v2\/categories?post=72"},{"taxonomy":"post_tag","embeddable":true,"href":"https:\/\/velomix.fr\/index.php\/wp-json\/wp\/v2\/tags?post=72"}],"curies":[{"name":"wp","href":"https:\/\/api.w.org\/{rel}","templated":true}]}}