{"id":75,"date":"2024-07-25T15:31:43","date_gmt":"2024-07-25T13:31:43","guid":{"rendered":"https:\/\/velomix.fr\/?p=75"},"modified":"2024-08-21T19:37:25","modified_gmt":"2024-08-21T17:37:25","slug":"electrification-dun-velo-musculaire","status":"publish","type":"post","link":"https:\/\/velomix.fr\/index.php\/2024\/07\/25\/electrification-dun-velo-musculaire\/","title":{"rendered":"Fabrication d\u2019un pack batterie \u00e0 partir de cellules recycl\u00e9es"},"content":{"rendered":"\n<p id=\"block-0e71baa7-0cbc-457c-9f2e-7add46de2040\">Dans cet atelier, une \u00e9quipe se concentrera sur la fabrication et la documentation pas \u00e0 pas d&rsquo;<strong>une batterie Open Source imprim\u00e9e en 3D<\/strong> en utilisant des cellules r\u00e9cup\u00e9r\u00e9es sur des trottinettes \u00e9lectriques hors d&rsquo;usage. <\/p>\n\n\n\n<p>Cet atelier vous guidera \u00e9tape par \u00e9tape dans l&rsquo;assemblage, tout en abordant les bases techniques de la fabrication de batteries.&nbsp;<\/p>\n\n\n\n<p>Que vous soyez novice ou bricoleur, c&rsquo;est une bonne occasion d&rsquo;acqu\u00e9rir des comp\u00e9tences pratiques et de d\u00e9couvrir une approche plus durable pour \u00e9lectrifier votre v\u00e9lo.<\/p>\n\n\n\n<p>Vous serez accompagn\u00e9 par <a href=\"https:\/\/quentino.io\/\">Quentin Orhant<\/a> expert freelance en \u00e9co-conception.<\/p>\n\n\n\n<p>Lien vers une documentation <a href=\"https:\/\/wiki.lafabriquedesmobilites.fr\/wiki\/Batteries_O2Feel\">+ d&rsquo;informations<\/a>.<\/p>\n\n\n\n<p class=\"has-pale-pink-color has-text-color has-link-color has-medium-font-size wp-elements-31c2eafa8b180c10697848629ecd3810\" id=\"block-a5f2d53f-a103-445e-9793-17c3c02e2c50\">atelier ouvert \u00e0 tout le monde sans pr\u00e9-requis \/\/ max 6 participante.s<\/p>\n\n\n\n<div class=\"wp-block-buttons is-layout-flex wp-block-buttons-is-layout-flex\">\n<div class=\"wp-block-button has-custom-font-size is-style-outline has-medium-font-size is-style-outline--1\"><a class=\"wp-block-button__link has-pale-pink-background-color has-background wp-element-button\" href=\"https:\/\/velomix.fr\/index.php\/inscription\/\">Inscription<\/a><\/div>\n<\/div>\n\n\n\n<div class=\"wp-block-columns is-layout-flex wp-container-core-columns-is-layout-9d6595d7 wp-block-columns-is-layout-flex\">\n<div class=\"wp-block-column is-layout-flow wp-block-column-is-layout-flow\"><div class=\"wp-block-image is-style-rounded\">\n<figure class=\"aligncenter size-full is-resized\"><img loading=\"lazy\" decoding=\"async\" width=\"308\" height=\"308\" src=\"https:\/\/velomix.fr\/wp-content\/uploads\/2024\/07\/atelier-batterie.png\" alt=\"\" class=\"wp-image-206\" style=\"width:180px;height:auto\" srcset=\"https:\/\/velomix.fr\/wp-content\/uploads\/2024\/07\/atelier-batterie.png 308w, https:\/\/velomix.fr\/wp-content\/uploads\/2024\/07\/atelier-batterie-300x300.png 300w, https:\/\/velomix.fr\/wp-content\/uploads\/2024\/07\/atelier-batterie-150x150.png 150w\" sizes=\"auto, (max-width: 308px) 100vw, 308px\" \/><\/figure>\n<\/div><\/div>\n<\/div>\n\n\n\n<div class=\"wp-block-columns is-layout-flex wp-container-core-columns-is-layout-9d6595d7 wp-block-columns-is-layout-flex\">\n<div class=\"wp-block-column is-layout-flow wp-block-column-is-layout-flow\" style=\"flex-basis:100%\"><\/div>\n<\/div>\n","protected":false},"excerpt":{"rendered":"<p>Dans cet atelier, une \u00e9quipe se concentrera sur la fabrication et la documentation pas \u00e0 pas d&rsquo;une batterie Open Source imprim\u00e9e en 3D en utilisant des cellules r\u00e9cup\u00e9r\u00e9es sur des&hellip;<\/p>\n","protected":false},"author":2,"featured_media":211,"comment_status":"closed","ping_status":"open","sticky":false,"template":"","format":"standard","meta":{"footnotes":""},"categories":[2],"tags":[],"class_list":["post-75","post","type-post","status-publish","format-standard","has-post-thumbnail","hentry","category-atelier"],"_links":{"self":[{"href":"https:\/\/velomix.fr\/index.php\/wp-json\/wp\/v2\/posts\/75","targetHints":{"allow":["GET"]}}],"collection":[{"href":"https:\/\/velomix.fr\/index.php\/wp-json\/wp\/v2\/posts"}],"about":[{"href":"https:\/\/velomix.fr\/index.php\/wp-json\/wp\/v2\/types\/post"}],"author":[{"embeddable":true,"href":"https:\/\/velomix.fr\/index.php\/wp-json\/wp\/v2\/users\/2"}],"replies":[{"embeddable":true,"href":"https:\/\/velomix.fr\/index.php\/wp-json\/wp\/v2\/comments?post=75"}],"version-history":[{"count":8,"href":"https:\/\/velomix.fr\/index.php\/wp-json\/wp\/v2\/posts\/75\/revisions"}],"predecessor-version":[{"id":257,"href":"https:\/\/velomix.fr\/index.php\/wp-json\/wp\/v2\/posts\/75\/revisions\/257"}],"wp:featuredmedia":[{"embeddable":true,"href":"https:\/\/velomix.fr\/index.php\/wp-json\/wp\/v2\/media\/211"}],"wp:attachment":[{"href":"https:\/\/velomix.fr\/index.php\/wp-json\/wp\/v2\/media?parent=75"}],"wp:term":[{"taxonomy":"category","embeddable":true,"href":"https:\/\/velomix.fr\/index.php\/wp-json\/wp\/v2\/categories?post=75"},{"taxonomy":"post_tag","embeddable":true,"href":"https:\/\/velomix.fr\/index.php\/wp-json\/wp\/v2\/tags?post=75"}],"curies":[{"name":"wp","href":"https:\/\/api.w.org\/{rel}","templated":true}]}}