{"id":80,"date":"2024-07-25T15:43:35","date_gmt":"2024-07-25T13:43:35","guid":{"rendered":"https:\/\/velomix.fr\/?p=80"},"modified":"2024-08-29T16:19:15","modified_gmt":"2024-08-29T14:19:15","slug":"fabrication-daccessoires-de-velo-upcycles","status":"publish","type":"post","link":"https:\/\/velomix.fr\/index.php\/2024\/07\/25\/fabrication-daccessoires-de-velo-upcycles\/","title":{"rendered":"Fabrication d&rsquo;accessoires de v\u00e9lo upcycl\u00e9s"},"content":{"rendered":"\n<p>Cette \u00e9quipe aura deux jours pour concevoir, fabriquer et documenter <strong>une sacoche de v\u00e9lo<\/strong> fait \u00e0 partir de b\u00e2che en plastique type kakemono recycl\u00e9, et des <strong>clignotants<\/strong> \u00e0 fixer sur le guidon du v\u00e9lo.<\/p>\n\n\n\n<p>Vous serez accompagn\u00e9 par C\u00e9lia Guye, <a href=\"https:\/\/www.eesab.fr\/rennes\/labfab-laboratoire-de-fabrication-numerique\/\">fabmanager \u00e0 l&rsquo;EESAB<\/a> et de Tony Vanpoucke <a href=\"https:\/\/edulab.univ-rennes2.fr\/#!\/\">fabmanager \u00e0 l&rsquo;Edulab Rennes 2<\/a>.<\/p>\n\n\n\n<p class=\"has-pale-pink-color has-text-color has-link-color has-medium-font-size wp-elements-af6127630331e1ae535cff9a8462474c\" id=\"block-a5f2d53f-a103-445e-9793-17c3c02e2c50\">Atelier ouvert \u00e0 tout le monde sans pr\u00e9-requis \/\/ max 10 participante.s<\/p>\n\n\n\n<div class=\"wp-block-buttons is-layout-flex wp-block-buttons-is-layout-flex\">\n<div class=\"wp-block-button has-custom-font-size is-style-outline has-medium-font-size is-style-outline--1\"><a class=\"wp-block-button__link has-pale-pink-background-color has-background wp-element-button\" href=\"https:\/\/velomix.fr\/index.php\/inscription\/\">Inscription<\/a><\/div>\n<\/div>\n\n\n<div class=\"wp-block-image\">\n<figure class=\"aligncenter size-full is-resized\"><img loading=\"lazy\" decoding=\"async\" width=\"308\" height=\"308\" src=\"https:\/\/velomix.fr\/wp-content\/uploads\/2024\/07\/atelier-accessoire.png\" alt=\"\" class=\"wp-image-205\" style=\"width:104px;height:auto\" srcset=\"https:\/\/velomix.fr\/wp-content\/uploads\/2024\/07\/atelier-accessoire.png 308w, https:\/\/velomix.fr\/wp-content\/uploads\/2024\/07\/atelier-accessoire-300x300.png 300w, https:\/\/velomix.fr\/wp-content\/uploads\/2024\/07\/atelier-accessoire-150x150.png 150w\" sizes=\"auto, (max-width: 308px) 100vw, 308px\" \/><\/figure>\n<\/div>","protected":false},"excerpt":{"rendered":"<p>Cette \u00e9quipe aura deux jours pour concevoir, fabriquer et documenter une sacoche de v\u00e9lo fait \u00e0 partir de b\u00e2che en plastique type kakemono recycl\u00e9, et des clignotants \u00e0 fixer sur&hellip;<\/p>\n","protected":false},"author":2,"featured_media":210,"comment_status":"closed","ping_status":"open","sticky":false,"template":"","format":"standard","meta":{"footnotes":""},"categories":[2],"tags":[],"class_list":["post-80","post","type-post","status-publish","format-standard","has-post-thumbnail","hentry","category-atelier"],"_links":{"self":[{"href":"https:\/\/velomix.fr\/index.php\/wp-json\/wp\/v2\/posts\/80","targetHints":{"allow":["GET"]}}],"collection":[{"href":"https:\/\/velomix.fr\/index.php\/wp-json\/wp\/v2\/posts"}],"about":[{"href":"https:\/\/velomix.fr\/index.php\/wp-json\/wp\/v2\/types\/post"}],"author":[{"embeddable":true,"href":"https:\/\/velomix.fr\/index.php\/wp-json\/wp\/v2\/users\/2"}],"replies":[{"embeddable":true,"href":"https:\/\/velomix.fr\/index.php\/wp-json\/wp\/v2\/comments?post=80"}],"version-history":[{"count":5,"href":"https:\/\/velomix.fr\/index.php\/wp-json\/wp\/v2\/posts\/80\/revisions"}],"predecessor-version":[{"id":266,"href":"https:\/\/velomix.fr\/index.php\/wp-json\/wp\/v2\/posts\/80\/revisions\/266"}],"wp:featuredmedia":[{"embeddable":true,"href":"https:\/\/velomix.fr\/index.php\/wp-json\/wp\/v2\/media\/210"}],"wp:attachment":[{"href":"https:\/\/velomix.fr\/index.php\/wp-json\/wp\/v2\/media?parent=80"}],"wp:term":[{"taxonomy":"category","embeddable":true,"href":"https:\/\/velomix.fr\/index.php\/wp-json\/wp\/v2\/categories?post=80"},{"taxonomy":"post_tag","embeddable":true,"href":"https:\/\/velomix.fr\/index.php\/wp-json\/wp\/v2\/tags?post=80"}],"curies":[{"name":"wp","href":"https:\/\/api.w.org\/{rel}","templated":true}]}}