{"id":92,"date":"2024-07-25T16:03:11","date_gmt":"2024-07-25T14:03:11","guid":{"rendered":"https:\/\/velomix.fr\/?p=92"},"modified":"2024-09-02T11:10:30","modified_gmt":"2024-09-02T09:10:30","slug":"fabrication-dun-velo-cargo","status":"publish","type":"post","link":"https:\/\/velomix.fr\/index.php\/2024\/07\/25\/fabrication-dun-velo-cargo\/","title":{"rendered":"Conception d&rsquo;un pizza rack pour transport d&rsquo;objets volumineux"},"content":{"rendered":"\n<p>L&rsquo;objectif est de fabriquer un pizza rack \u00e0 partir de vieux cadres de v\u00e9lo avec l&rsquo;association <a href=\"https:\/\/www.lapetiterennes.org\/\" target=\"_blank\" rel=\"noreferrer noopener\">La Petite Rennes<\/a> adapt\u00e9 \u00e0 un v\u00e9lo musculaire classique. <\/p>\n\n\n\n<p class=\"has-pale-pink-color has-text-color has-link-color has-medium-font-size wp-elements-560584bc14198d58130b6ba7ff20c02f\" id=\"block-a5f2d53f-a103-445e-9793-17c3c02e2c50\">Atelier ouvert \u00e0 tout le monde sans pr\u00e9-requis \/\/ max 5 participante.s<\/p>\n\n\n\n<div class=\"wp-block-buttons is-layout-flex wp-block-buttons-is-layout-flex\">\n<div class=\"wp-block-button has-custom-font-size is-style-outline has-medium-font-size is-style-outline--1\"><a class=\"wp-block-button__link has-pale-pink-background-color has-background wp-element-button\" href=\"https:\/\/velomix.fr\/index.php\/inscription\/\">Inscription<\/a><\/div>\n<\/div>\n\n\n<div class=\"wp-block-image\">\n<figure class=\"aligncenter size-full is-resized\"><img loading=\"lazy\" decoding=\"async\" width=\"308\" height=\"308\" src=\"https:\/\/velomix.fr\/wp-content\/uploads\/2024\/07\/atelier-cargo.png\" alt=\"\" class=\"wp-image-207\" style=\"width:156px;height:auto\" srcset=\"https:\/\/velomix.fr\/wp-content\/uploads\/2024\/07\/atelier-cargo.png 308w, https:\/\/velomix.fr\/wp-content\/uploads\/2024\/07\/atelier-cargo-300x300.png 300w, https:\/\/velomix.fr\/wp-content\/uploads\/2024\/07\/atelier-cargo-150x150.png 150w\" sizes=\"auto, (max-width: 308px) 100vw, 308px\" \/><\/figure>\n<\/div>","protected":false},"excerpt":{"rendered":"<p>L&rsquo;objectif est de fabriquer un pizza rack \u00e0 partir de vieux cadres de v\u00e9lo avec l&rsquo;association La Petite Rennes adapt\u00e9 \u00e0 un v\u00e9lo musculaire classique. Atelier ouvert \u00e0 tout le&hellip;<\/p>\n","protected":false},"author":2,"featured_media":212,"comment_status":"closed","ping_status":"open","sticky":false,"template":"","format":"standard","meta":{"footnotes":""},"categories":[2],"tags":[],"class_list":["post-92","post","type-post","status-publish","format-standard","has-post-thumbnail","hentry","category-atelier"],"_links":{"self":[{"href":"https:\/\/velomix.fr\/index.php\/wp-json\/wp\/v2\/posts\/92","targetHints":{"allow":["GET"]}}],"collection":[{"href":"https:\/\/velomix.fr\/index.php\/wp-json\/wp\/v2\/posts"}],"about":[{"href":"https:\/\/velomix.fr\/index.php\/wp-json\/wp\/v2\/types\/post"}],"author":[{"embeddable":true,"href":"https:\/\/velomix.fr\/index.php\/wp-json\/wp\/v2\/users\/2"}],"replies":[{"embeddable":true,"href":"https:\/\/velomix.fr\/index.php\/wp-json\/wp\/v2\/comments?post=92"}],"version-history":[{"count":7,"href":"https:\/\/velomix.fr\/index.php\/wp-json\/wp\/v2\/posts\/92\/revisions"}],"predecessor-version":[{"id":272,"href":"https:\/\/velomix.fr\/index.php\/wp-json\/wp\/v2\/posts\/92\/revisions\/272"}],"wp:featuredmedia":[{"embeddable":true,"href":"https:\/\/velomix.fr\/index.php\/wp-json\/wp\/v2\/media\/212"}],"wp:attachment":[{"href":"https:\/\/velomix.fr\/index.php\/wp-json\/wp\/v2\/media?parent=92"}],"wp:term":[{"taxonomy":"category","embeddable":true,"href":"https:\/\/velomix.fr\/index.php\/wp-json\/wp\/v2\/categories?post=92"},{"taxonomy":"post_tag","embeddable":true,"href":"https:\/\/velomix.fr\/index.php\/wp-json\/wp\/v2\/tags?post=92"}],"curies":[{"name":"wp","href":"https:\/\/api.w.org\/{rel}","templated":true}]}}